{"id":92,"date":"2024-04-27T11:54:34","date_gmt":"2024-04-27T09:54:34","guid":{"rendered":"http:\/\/sintomer.net\/?p=92"},"modified":"2024-05-06T14:57:13","modified_gmt":"2024-05-06T12:57:13","slug":"notes-critiques-et-comptes-rendus","status":"publish","type":"post","link":"http:\/\/sintomer.net\/?p=92","title":{"rendered":"Notes critiques et comptes rendus"},"content":{"rendered":"\n<ul>\n<li>31. \u201cDavid Stasavage, <em>The Decline and Rise of Democracy<\/em>, <em>Revue fran\u00e7aise de science politique<\/em>, Vol. 71, 2021\/5-6.<\/li>\n\n\n\n<li>30. \u201cNadia Urbinati\u2019s <em>Democracy Disfigured and the Legitimacy Crisis of Real Existing Democracies<\/em>\u201d, <em>Contemporary Political Theory<\/em>, 2015, p. 26-31.<\/li>\n\n\n\n<li>29. \u00ab L\u2019\u00e9lection au temps des rois. A propos d\u2019Olivier Christin, <em>Voxpopuli. Une histoire du vote avant le suffrage universel <\/em>\u00bb, <em>La vie des id\u00e9es<\/em>, 11\/05\/2015, <a href=\"http:\/\/www.laviedesidees.fr\/IMG\/pdf\/20150514_sintomer.pdf\">http:\/\/www.laviedesidees.fr\/IMG\/pdf\/20150514_sintomer.pdf.<\/a> Traduction anglaise : \u201cElection in the Ancien R\u00e9gime\u201d, <em>Books and Ideas<\/em>, 29\/02\/2016, <a href=\"http:\/\/www.booksandideas.net\/Election-in-\">http:\/\/www.booksandideas.net\/Election-in-<\/a> the-Ancien-Regime.html.<\/li>\n\n\n\n<li>28. <em>Max<\/em><em>Weber.<\/em><em>Eine<\/em><em>Biographie.<\/em><em>Preu\u00dfe,<\/em><em>Denker,<\/em><em>Muttersohn<\/em>, de Dirk Kaesler, <em>Swiss<\/em><em>Journal of Sociology<\/em>, 41 (1), 2015, p. 532-535.<\/li>\n\n\n\n<li>27. <em>Politique et histoire. De Machiavel \u00e0 Marx. Cours \u00e0 l\u2019Ecole normale sup\u00e9rieure, 1955-1972,<\/em><\/li>\n\n\n\n<li>de L. Althusser, <em>Revue philosophique de Louvain<\/em>, 107 (3), 2009, p. 542-544.<\/li>\n\n\n\n<li>26. <em>La v\u00e9rit\u00e9 dans l\u2019Eglise catholique. Contestation et restauration d\u2019un r\u00e9gime d\u2019autorit\u00e9<\/em>, <em>Mouvements <\/em>45-46, mai-ao\u00fbt 2006, p. 233-234.<\/li>\n\n\n\n<li><em>25.Nous, citoyens d\u2019Europe?<\/em>, d\u2019E. Balibar, <em>Mouvements<\/em>, 18, novembre-d\u00e9cembre 2001,<\/li>\n\n\n\n<li>p. 144-147.<\/li>\n\n\n\n<li>24. <em>La d\u00e9mocratie inachev\u00e9e<\/em>, de P. Rosanvallon, <em>Mouvements<\/em>, 15-16, mai-ao\u00fbt 2001, p. 201- 203.<\/li>\n\n\n\n<li>23. <em>Apr\u00e8s<\/em><em>l\u2019Etat-nation<\/em>, de J. Habermas, <em>Mouvements<\/em>, 14, mars-avril 2001, p. 161-163.<\/li>\n\n\n\n<li>22. \u00ab Italie : retour sur les ann\u00e9es de plomb \u00bb, <em>Mouvements<\/em>, 13, janvier-f\u00e9vrier 2001, p. 132-133.<\/li>\n\n\n\n<li>21. <em>Les<\/em><em>structures<\/em><em>sociales<\/em><em>de l\u2019\u00e9conomie<\/em>, de P. Bourdieu, <em>Mouvements<\/em>, 13, janvier-f\u00e9vrier 2001, p. 158-160.<\/li>\n\n\n\n<li>20. <em>Le travail sociologique de Pierre Bourdieu<\/em>, de B. Lahire (ed.), <em>Mouvements<\/em>, 7, janvier 2000,<\/li>\n\n\n\n<li>p. 159.<\/li>\n\n\n\n<li>19. <em>Au-del\u00e0 du Pacs<\/em>, d\u2019\u00c9. Fassin, D. Borillo, M. Iacub, <em>Mouvements<\/em>, 7, janvier 2000, p. 149- 150.<\/li>\n\n\n\n<li>18. <em>La cause des sans-papiers<\/em>, de J. Sim\u00e9ant, <em>Mouvements<\/em>, 7, janvier 2000, p. 159-160.<\/li>\n\n\n\n<li>17. <em>Espaces publics mosa\u00efques<\/em>, de B. Fran\u00e7ois, \u00c9. Neveu, <em>Mouvements<\/em>, 6, novembre 1999, p. 221.<\/li>\n\n\n\n<li>16. <em>Qu\u2019est-ce que l\u2019\u00e9cologie politique?<\/em>, d\u2019A. Lipietz, <em>Mouvements<\/em>, 5, septembre 1999, p. 150-<\/li>\n\n\n\n<li>151. Traduction italienne in <em>La Rivista del Manifesto<\/em>, 5, avril 2000, p. 45-46.<\/li>\n\n\n\n<li>15. \u00ab \u00c0 propos de J. Habermas \u00bb, <em>Mouvements<\/em>, 3, mars-avril 1999, p. 173-176.<\/li>\n\n\n\n<li>14. <em>La cit\u00e9 des lyc\u00e9ens<\/em>, de P. Rayou, <em>Mouvements<\/em>, 2, janvier 1999, p. 151.<\/li>\n\n\n\n<li>13. <em>La domination masculine<\/em>, de P. Bourdieu, <em>Actuel Marx<\/em>, 1999\/1, p. 181-186. Version amplifi\u00e9e in <em>Travail,<\/em><em>genre,<\/em><em>soci\u00e9t\u00e9<\/em>, 1999\/1, p. 208-213, traduction allemande : \u00ab Kontroversen \u00fcber das Buch &#8220;Die M\u00e4nnliche Herrschaft&#8221; von Pierre Bourdieu \u00bb, <em>Feministische Studien<\/em>, 2002\/2, p. 286-290. Traduction anglaise : \u00ab On Pierre Bourdieu\u2019s <em>Masculine Domination <\/em>\u00bb, <em>Travail, genre, soci\u00e9t\u00e9<\/em>, \u00e9dition anglaise, 2015, <a href=\"http:\/\/www.cairn-int.info\/article-\">http:\/\/www.cairn-int.info\/article-<\/a> E_TGS_001_0208.<\/li>\n\n\n\n<li>12. <em>L\u2019int\u00e9gration r\u00e9publicaine<\/em>, de J. Habermas, <em>Politix<\/em>, 46, 2\u00e8me trimestre 1999, p. 174-177.<\/li>\n\n\n\n<li>11. <em>Pour une critique du jugement politique<\/em>, de D. Howard, <em>L\u2019Homme et la soci\u00e9t\u00e9<\/em>, 1998\/4,<\/li>\n\n\n\n<li>p. 134-135.<\/li>\n\n\n\n<li>10. <em>Max Weber ou la d\u00e9mocratie inachev\u00e9e<\/em>, de J.M. Vincent, <em>Mouvements<\/em>, 1, novembre 1998,<\/li>\n\n\n\n<li>p. 152-153.<\/li>\n\n\n\n<li>9. <em>Dits et Ecrits<\/em>, de M. Foucault : \u00ab Zwischen Ruhm und Mumifizierung. Die franz\u00f6sische Foucault-Rezeption \u00bb, <em>T\u00fcteSonderbeilage:ZurAktualit\u00e4tvon MichelFoucault<\/em>, T\u00fcbingen 1995, p. 2-4.<\/li>\n\n\n\n<li>8. <em>Faktizit\u00e4t<\/em><em>und<\/em><em>Geltung<\/em>, de J. Habermas, <em>Actuel<\/em><em>Marx<\/em>, 18, 1995\/2, p. 183-187.<\/li>\n\n\n\n<li>7. <em>La<\/em><em>philosophie<\/em><em>de<\/em><em>Marx<\/em>, d&#8217;E. Balibar, <em>Actuel<\/em><em>Marx<\/em>, 14-15, 1994\/1, p. 185-186.<\/li>\n\n\n\n<li>6. <em>Le<\/em><em>d\u00e9senchantement<\/em><em>de<\/em><em>l&#8217;\u00c9tat.<\/em><em>De<\/em><em>Hegel<\/em><em>\u00e0<\/em><em>Max<\/em><em>Weber<\/em>, de C. Colliot-Th\u00e9l\u00e8ne, <em>Politis<\/em><em>&#8211;<\/em><em>La Revue<\/em>, 4, juillet-septembre 1993, p. 128-129.<\/li>\n\n\n\n<li>5. <em>Socialisme,<\/em><em>capitalisme,<\/em><em>\u00e9cologie<\/em>, d&#8217;A. Gorz, <em>Ecologie<\/em><em>politique<\/em>, 1, hiver 1991-92, p. 104- 111.<\/li>\n\n\n\n<li>4. <em>Critique du travail<\/em>, de J.M. Vincent, <em>ActuelMarx<\/em>, 10, 1991\/2, p. 214-215. <\/li>\n\n\n\n<li>3. <em>La soci\u00e9t\u00e9 post-\u00e9conomique<\/em>, de P. Zarifian et C. Palloix, et <em>Lanouvelleproductivit\u00e9<\/em>, de<\/li>\n\n\n\n<li>P. Zarifian, <em>Actuel<\/em><em>Marx<\/em>, 10, 1991\/2, p. 206-207.<\/li>\n\n\n\n<li>2. <em>Th\u00e9orie de la modernit\u00e9<\/em>, de J. Bidet, <em>RevueM<\/em>, d\u00e9cembre 1990, p. 49-52.<\/li>\n\n\n\n<li>1. Colloque \u00ab Modernit\u00e9 de Gramsci ? \u00bb, <em>Revue<\/em><em>M<\/em>, f\u00e9vrier 1990, p. 59-62.<\/li>\n<\/ul>\n","protected":false},"excerpt":{"rendered":"","protected":false},"author":1,"featured_media":0,"comment_status":"open","ping_status":"open","sticky":false,"template":"","format":"standard","meta":{"om_disable_all_campaigns":false,"_monsterinsights_skip_tracking":false,"_monsterinsights_sitenote_active":false,"_monsterinsights_sitenote_note":"","_monsterinsights_sitenote_category":0,"footnotes":""},"categories":[23],"tags":[],"aioseo_notices":[],"_links":{"self":[{"href":"http:\/\/sintomer.net\/index.php?rest_route=\/wp\/v2\/posts\/92"}],"collection":[{"href":"http:\/\/sintomer.net\/index.php?rest_route=\/wp\/v2\/posts"}],"about":[{"href":"http:\/\/sintomer.net\/index.php?rest_route=\/wp\/v2\/types\/post"}],"author":[{"embeddable":true,"href":"http:\/\/sintomer.net\/index.php?rest_route=\/wp\/v2\/users\/1"}],"replies":[{"embeddable":true,"href":"http:\/\/sintomer.net\/index.php?rest_route=%2Fwp%2Fv2%2Fcomments&post=92"}],"version-history":[{"count":2,"href":"http:\/\/sintomer.net\/index.php?rest_route=\/wp\/v2\/posts\/92\/revisions"}],"predecessor-version":[{"id":160,"href":"http:\/\/sintomer.net\/index.php?rest_route=\/wp\/v2\/posts\/92\/revisions\/160"}],"wp:attachment":[{"href":"http:\/\/sintomer.net\/index.php?rest_route=%2Fwp%2Fv2%2Fmedia&parent=92"}],"wp:term":[{"taxonomy":"category","embeddable":true,"href":"http:\/\/sintomer.net\/index.php?rest_route=%2Fwp%2Fv2%2Fcategories&post=92"},{"taxonomy":"post_tag","embeddable":true,"href":"http:\/\/sintomer.net\/index.php?rest_route=%2Fwp%2Fv2%2Ftags&post=92"}],"curies":[{"name":"wp","href":"https:\/\/api.w.org\/{rel}","templated":true}]}}