{"id":290,"date":"2024-05-09T10:42:28","date_gmt":"2024-05-09T08:42:28","guid":{"rendered":"http:\/\/sintomer.net\/?p=290"},"modified":"2024-05-09T14:14:09","modified_gmt":"2024-05-09T12:14:09","slug":"online-videos-english-version","status":"publish","type":"post","link":"http:\/\/sintomer.net\/?p=290","title":{"rendered":"Online videos (ENGLISH VERSION)"},"content":{"rendered":"\n<ul>\n<li>https:\/\/youtu.be\/aBugCwtbH4w?si=PjUhk68Fc9j6QuIC &#8211; &#8220;Paris, Lyon, Marseille : pourquoi r\u00e9former l&#8217;\u00e9lection des maires ? &#8221; Yves Sintomer for <em>France Culture, <\/em>published on the  19\/01\/2024<\/li>\n\n\n\n<li>https:\/\/youtu.be\/QCHNT2NuimY?si=iWnl6sllFjl-3ftV &#8211; &#8220;The keys to democracy&#8221; Yves Sintomer for <em>Democracy Next, <\/em>published on the 24\/03\/2023<\/li>\n\n\n\n<li>https:\/\/youtu.be\/A2IRReA_57A?si=MzrNQyCBfqJSmbO0 &#8211; &#8220;Prendre les d\u00e9cisions autrement. R\u00e9flexions \u00e0 partir des conf\u00e9rences de citoyens&#8221;, Yves Sintomer for the <em>Coll\u00e8ge de France<\/em>, published on the 26\/01\/ 2022<\/li>\n\n\n\n<li>https:\/\/youtu.be\/i0dEAeinVlE?si=6Nj8_NoJ2wsNvpYi &#8211; The end of liberal democracy ?, Yves Sintomer for l&#8217;<em>Institut f\u00fcr Sozialforschung Frankfurt am Main<\/em>, published on the  31\/03\/2021<\/li>\n\n\n\n<li>https:\/\/youtu.be\/DvETJO-tzd8?si=dULehEhU6SJ9Cn52 &#8211; &#8220;Discussion sur les libert\u00e9s fondamentales : vers une mutation des fondations d\u00e9mocratiques ?&#8221; , Yves Sintomer for the m\u00e9tropole europ\u00e9enne de Lille, published on the 23\/11\/2020<\/li>\n\n\n\n<li>https:\/\/youtu.be\/WSoQj8osEms?si=oPYvbCtCIUnYGEbh &#8211; &#8221; Tirage au sort et politique&#8221;, Yves Sintomer, published on the  7\/04\/2019<\/li>\n\n\n\n<li>https:\/\/youtu.be\/MuVKmmN8Cr0?si=apUJr7HHFkqT_lEG &#8211; &#8220;Le retour du tirage au sort en politique&#8221; Yves Sintomer for l&#8217;<em>Universit\u00e9 Paris-Dauphine<\/em>, published on the  27\/02\/2019<\/li>\n\n\n\n<li>https:\/\/youtu.be\/9_EKx6Kh9m4?si=0uiC8_wr190K86k- R\u00e9f\u00e9rendum pour ou contre ? Yves Sintomer for <em>Le1hebdo<\/em>, published on the 26\/02\/2019<\/li>\n\n\n\n<li>https:\/\/youtu.be\/4pHYkUDrVpY?si=po_xF5peJTwk9Trt &#8211; &#8220;Le RIC oui, mais avec des gardes-fous&#8221; Yves Sintomer for <em>Le Nouvel Obs<\/em>, published on the 21\/12\/2018 <\/li>\n\n\n\n<li>https:\/\/dai.ly\/xn6gz7 &#8211; &#8220;Repr\u00e9sentation et tirage au sort&#8221; Yves Sintomer for <em>MediaPart,<\/em> published on the 22\/12\/2018<\/li>\n\n\n\n<li>https:\/\/dai.ly\/xn6gup &#8211; &#8221; Reconstruire une l\u00e9gitimit\u00e9 d\u00e9mocratique europ\u00e9enne&#8221; Yves Sintomer for <em>MediaPart<\/em>, published on the  22\/12\/2018<\/li>\n\n\n\n<li>https:\/\/youtu.be\/7hXBjljxOAE?si=UFkPcJE8zHAp4Hkt &#8211; &#8220;Budgets participatifs&#8221;, Yves Sintomer for <em>Vert Nations<\/em>, published on the 9\/11\/2018<\/li>\n\n\n\n<li>https:\/\/youtu.be\/EjZSRf-5azs?si=SVZr2bgczZ2ufrt9 &#8211; &#8220;Faut-il des figures charismatique \u00e0 gauche ? &#8221; Yves Sintomer for <em>MediaPart<\/em>, published on the  2\/12\/2017<\/li>\n\n\n\n<li>https:\/\/youtu.be\/GwBndJzOwnk?si=2Y5J9t_8xzGNncmB &#8211; &#8220;Petite histoire de l&#8217;exp\u00e9rimentation d\u00e9mocratique &#8211; tirage au sort et politique&#8221; Yves Sintomer for <em>Lacha\u00eenequilib\u00e8re, <\/em>published on the  16\/10\/2017<\/li>\n\n\n\n<li>https:\/\/youtu.be\/zddkRKhkm6U?si=0ZYHfR04dbWBpckj &#8211; &#8220;Au del\u00e0 de la repr\u00e9sentation&#8221; Yves Sintomer for the <em>Laboratoire de cyberjustice<\/em>, published on the 17\/03\/2017<\/li>\n\n\n\n<li>https:\/\/youtu.be\/s1V2g-7fqoo?si=b8K_oTy5DkuBuQLL &#8211; &#8221; Un populisme ? Des populismes ?&#8221; , Yves Sintomer for <em>Hors-s\u00e9rie<\/em>, published on the  15\/10\/ 2016<\/li>\n\n\n\n<li>https:\/\/youtu.be\/8A7xphTttMw?si=utcCTmPUvuObIfEH &#8211; &#8220;R\u00e9inventer la d\u00e9mocratie ?&#8221; Yves Sintomer for <em>Public S\u00e9nat,<\/em> published on the 25\/06\/2016<\/li>\n\n\n\n<li>https:\/\/youtu.be\/7cq0-n4xSZs?si=xjBVB1xTgTY5cfhh &#8211; Rencontres des conseils \u00e0 Nantes, Yves Sintomer for <em>Le conseil de d\u00e9veloppement de Nantes m\u00e9tropole, <\/em>published on the 12\/05\/2016<\/li>\n\n\n\n<li>https:\/\/youtu.be\/mFWEyD7Fdwc?si=l-xy2hFgYey6xcRx &#8211; R\u00e9inventer une d\u00e9mocratie en crise, Yves Sintomer for <em>MediaPart, <\/em>published on the 13\/04\/2016<\/li>\n\n\n\n<li>https:\/\/youtu.be\/iPR1i4ZgeMY?si=4u8AP5_IbwoRfNIn &#8211; &#8220;Les autres voies de la d\u00e9mocratie&#8221; Yves Sintomer, published on the 28\/03\/2015<\/li>\n\n\n\n<li>https:\/\/youtu.be\/xiDpyNtasGQ?si=g8L3cGSAH46zLf5N &#8211; &#8220;Le tirage au sort en politique&#8221;, Yves Sintomer for<em> J&#8217;ai pas vot\u00e9 documentaire,<\/em> published on the 17\/10\/2014<\/li>\n\n\n\n<li>https:\/\/youtu.be\/hFopre_ywzo?si=aPySqkqz_r3RjaTj- https:\/\/youtu.be\/gOedr2LUm78?si=VJxJ_5rqA89_CClZ- https:\/\/youtu.be\/FDVB4QnzUis?si=0nlRhG1C8LXeiS74 &#8211; &#8221; D\u00e9mocratie et participation&#8221; Yves Sintomer for the Congr\u00e8s du GIS, published on the 29\/09\/2014<\/li>\n\n\n\n<li>https:\/\/youtu.be\/h0H3BaO5Jto?si=NEhIwFMvhsTlANzo &#8211; Conferencia internacional cidadania para a sustentabilidade, Yves Sintomer for <em>Canal Cascais<\/em>, published on the  6\/07\/2013<\/li>\n\n\n\n<li>https:\/\/youtu.be\/eeMiM2iyD1Q?si=9aibb2jhigjvfwoZ &#8211; &#8221; Retour sur la conf\u00e9rence de citoyens de l&#8217;<em>Institut Montaigne<\/em>&#8221; Yves Sintomer for l&#8217;Institut Montaigne, published on the  28\/03\/2013<\/li>\n\n\n\n<li>https:\/\/youtu.be\/Ki_U_wkG8Qc?si=vTXGi5pKCAlReob9 &#8211; &#8220;Les nouvelles figures de la repr\u00e9sentation d\u00e9mocratique&#8221;, Yves Sintomer for l&#8217;<em>Universit\u00e9 de Lausanne<\/em>, published on the 5\/06\/2012<\/li>\n\n\n\n<li>https:\/\/youtu.be\/X71GQHxTNWA?si=RIhEZ9g5bhfRz9uW &#8211; https:\/\/youtu.be\/bBbSsTigu6g?si=nZ2apSBx9xh2j5oE- &#8220;Verso una democrazia partecipativa&#8221; Yves Sintomer for <em>La Fondazione Collegio San Carlo<\/em>, published on the 20\/02\/ 2012<\/li>\n\n\n\n<li>https:\/\/youtu.be\/Uxuue8uNJV8?si=hQPTi9tmgn9IB89m &#8211; &#8220;La gestion citoyenne de l&#8217;eau&#8221;, Yves Sintomer, published on the 11\/04\/2011<\/li>\n\n\n\n<li>https:\/\/youtu.be\/rQfnMy2G78E?si=8PvMW-6jhiblULBi &#8211; Interview with Yves Sintomer and Andr\u00e9 Rubi\u00e3o (in Portuguese, part 2), published on the  31\/ 03\/ 2011<\/li>\n\n\n\n<li>https:\/\/youtu.be\/48tz-yZG79c?si=lplCPWC5h5Lr107t -Interview with Yves Sintomer and Andr\u00e9 Rubi\u00e3o (in portugese, part 3), published on the 31 \/03\/ 2011<\/li>\n\n\n\n<li>https:\/\/dai.ly\/xc24ft &#8211; Interview of Yves Sintomer with St\u00e9phane Paoli et Sandra Freeman in <em>centre Marc Bloch \u00e0 Berlin<\/em>, published on the 31\/01\/2010<\/li>\n<\/ul>\n","protected":false},"excerpt":{"rendered":"","protected":false},"author":1,"featured_media":0,"comment_status":"open","ping_status":"open","sticky":false,"template":"","format":"standard","meta":{"om_disable_all_campaigns":false,"_monsterinsights_skip_tracking":false,"_monsterinsights_sitenote_active":false,"_monsterinsights_sitenote_note":"","_monsterinsights_sitenote_category":0,"footnotes":""},"categories":[47],"tags":[],"aioseo_notices":[],"_links":{"self":[{"href":"http:\/\/sintomer.net\/index.php?rest_route=\/wp\/v2\/posts\/290"}],"collection":[{"href":"http:\/\/sintomer.net\/index.php?rest_route=\/wp\/v2\/posts"}],"about":[{"href":"http:\/\/sintomer.net\/index.php?rest_route=\/wp\/v2\/types\/post"}],"author":[{"embeddable":true,"href":"http:\/\/sintomer.net\/index.php?rest_route=\/wp\/v2\/users\/1"}],"replies":[{"embeddable":true,"href":"http:\/\/sintomer.net\/index.php?rest_route=%2Fwp%2Fv2%2Fcomments&post=290"}],"version-history":[{"count":2,"href":"http:\/\/sintomer.net\/index.php?rest_route=\/wp\/v2\/posts\/290\/revisions"}],"predecessor-version":[{"id":355,"href":"http:\/\/sintomer.net\/index.php?rest_route=\/wp\/v2\/posts\/290\/revisions\/355"}],"wp:attachment":[{"href":"http:\/\/sintomer.net\/index.php?rest_route=%2Fwp%2Fv2%2Fmedia&parent=290"}],"wp:term":[{"taxonomy":"category","embeddable":true,"href":"http:\/\/sintomer.net\/index.php?rest_route=%2Fwp%2Fv2%2Fcategories&post=290"},{"taxonomy":"post_tag","embeddable":true,"href":"http:\/\/sintomer.net\/index.php?rest_route=%2Fwp%2Fv2%2Ftags&post=290"}],"curies":[{"name":"wp","href":"https:\/\/api.w.org\/{rel}","templated":true}]}}