{"id":220,"date":"2024-05-07T13:26:04","date_gmt":"2024-05-07T11:26:04","guid":{"rendered":"http:\/\/sintomer.net\/?p=220"},"modified":"2024-05-08T15:14:45","modified_gmt":"2024-05-08T13:14:45","slug":"books-chapters-english-version","status":"publish","type":"post","link":"http:\/\/sintomer.net\/?p=220","title":{"rendered":"Books chapters (ENGLISH VERSION)"},"content":{"rendered":"\n<ul>\n<li>59. \u201cCitizens\u2019 Assemblies and Mini-publics\u201d, in P. Niesen, M. Patberg, L. Rubinelli (eds.), <em>The Oxford Handbook on Constituant Power<\/em>, Oxford\/New York: Oxford University Press, 2025 (forthcoming).&nbsp;<\/li>\n\n\n\n<li>58. \u201cIntroduction\u201d (together with L. Cordier), in L. Cordier, Y. Sintomer (eds.), <em>Handbook of participatory democracy<\/em>, Elgar, Cheltenham (UK), 2025 (forthcoming).<\/li>\n\n\n\n<li>57. \u201cParticipatory and deliberative systems\u201d (together with N. Abbas), in L. Cordier, Y.&nbsp;Sintomer (eds.), <em>Handbook of participatory democracy<\/em>, Elgar, Cheltenham (UK), 2025 (forthcoming).<\/li>\n\n\n\n<li>56. \u201cParticipative authoritarianism or consultative democracy (<em>Xieshang minzhu<\/em>) in China?\u201d (together with E. Frenkiel and R. Li), in L. Cordier, Y. Sintomer (eds.), <em>Handbook of participatory democracy<\/em>, Elgar, Cheltenham (UK), 2025 (forthcoming).&nbsp;<\/li>\n\n\n\n<li>55. \u201cConclusion: la place de Rome dans l\u2019histoire du tirage au sort\u201d, in J. Bothorel, F. Hurlet (eds.), <em>Le tirage au sort dans le monde romain antique<\/em>, Editions de la Maison de l\u2019Orient et de la M\u00e9diterran\u00e9e, Lyon, 2024 (in print).<\/li>\n\n\n\n<li>54. \u201cPostface: Participation, d\u00e9lib\u00e9ration et repr\u00e9sentation dans la th\u00e9orie d\u00e9mocratique\u201d, in J.&nbsp;Mansbridge, <em>Dispositifs de la d\u00e9mocratie. Entre participation, d\u00e9lib\u00e9ration et repr\u00e9sentation<\/em>, Larousse, Paris, 2022, p. 265-272.<\/li>\n\n\n\n<li>53. \u201cRepr\u00e9sentation\u201d, in D. Fassin (dir.), <em>La Soci\u00e9t\u00e9 qui vient<\/em>, Le Seuil, Paris, 2021, p. 294-313. New edition, Paris, Le Seuil, 2023, p. 283-301.<\/li>\n\n\n\n<li>52. \u201cConclusion\u201d, (together with S. Hayat and C. P\u00e9neau), in S.&nbsp;Hayat, C.&nbsp;P\u00e9neau, Y.&nbsp;Sinomer (eds.),<em> La repr\u00e9sentation avant le gouvernement repr\u00e9sentatif<\/em>, PUR, Rennes, 2020, p. 351-357.<\/li>\n\n\n\n<li>51. \u201cIntroduction. Repr\u00e9senter avant le gouvernement repr\u00e9sentatif\u201d, (together with S. Hayat and C. P\u00e9neau), in S.&nbsp;Hayat, C.&nbsp;P\u00e9neau, Y.&nbsp;Sinomer (eds.),<em> La repr\u00e9sentation avant le gouvernement repr\u00e9sentatif<\/em>, PUR, Rennes, 2020, p. 7-28.<\/li>\n\n\n\n<li>50. \u201cLeft-wing Populism in Europe: Theory and Practice\u201d, in Li Quiang, Duan Demin (eds.), <em>Europa at the Crossroad. Right-wing politics and the future of Europe<\/em> (in Chinese), Commercial Press, Beijing, 2019, p. 152-184.<\/li>\n\n\n\n<li>49. \u201cPostface: \u00c9mile Durkheim, penseur du r\u00e9publicanisme, de la d\u00e9mocratie et de l\u2019\u00c9tat social\u201d, in E. Durkheim, <em>Sociologie politique<\/em>, PUF, Paris, 2020, p. 437-469.<\/li>\n\n\n\n<li>48. \u201cPostface\u201d, in A. Borlenghi et alii (eds.), <em>Voter dans l\u2019Antiquit\u00e9.&nbsp; Pratiques, lieux et finalit\u00e9s en Gr\u00e8ce, \u00e0 Rome et en Gaule,<\/em> Editions de la Maison de l\u2019Orient et de la M\u00e9diterran\u00e9e, Lyon, 2019, p.&nbsp;519-526.<\/li>\n\n\n\n<li>47. \u201cB\u00fcrgerhaushalte\u201d (together with. C. Herzberg and A. R\u00f6cke), in S. Veit <em>et alii<\/em> (eds.), <em>Handbuch zur Verwaltungsreform<\/em>, Berlin, Springer, 2018, 13 p., https:\/\/doi.org\/10.1007\/978-3-658-21571-2_44-1.<\/li>\n\n\n\n<li>46. \u201cCuotas de g\u00e9nero, representaci\u00f3n pol\u00edtica e innovaciones democr\u00e1ticas. La ley sobre la paridad electoral entre mujeres y hombres en Francia al reflejo del subcontinente indio\u201d, in J.&nbsp;Mart\u00ednez Palacios (ed.), <em>Innovaciones Democr\u00e1ticas Feministas<\/em>, Dykinson, Barcelona, 2018, p. 25-56.<\/li>\n\n\n\n<li>45. \u201cConclusion g\u00e9n\u00e9rale. Repr\u00e9sentation, d\u00e9lib\u00e9ration et rh\u00e9torique entre th\u00e9\u00e2tre et politique\u201d, in N. Villac\u00e8que (ed.), <em>A l\u2019assembl\u00e9e comme au th\u00e9\u00e2tre. Pratiques d\u00e9lib\u00e9ratives des Anciens, perceptions et r\u00e9sonnances modernes, <\/em>Presses Universitaires de Rennes, Rennes, 2018, p. 307-316.<\/li>\n\n\n\n<li>44. \u201cLe gouvernement repr\u00e9sentatif\u201d, in O. Christin, F. Worms (eds.), <em>100 mots de la R\u00e9publique<\/em>, PUF, Paris, 2017, p. 38-39.&nbsp;<\/li>\n\n\n\n<li>43. \u201cQuelles alternatives au syst\u00e8me \u00e9lectoral?\u201d, in B. Badie, D. Vidal (eds.), <em>L\u2019\u00e9tat du monde 2018<\/em>, La D\u00e9couverte, Paris, 2017, p. 174-180.<\/li>\n\n\n\n<li>42. \u201cIntroduction: Scope and Challenges of Democratic Deliberation\u201d (with S. Coleman and A.&nbsp;Przybylska), in S. Coleman, A.&nbsp;Przybylska, Y.&nbsp;Sintomer (eds.), <em>Deliberation: values, processes, institutions<\/em>, Peter Lang, Varsaw, 2015, p. 7-20.<\/li>\n\n\n\n<li>41. \u201cPr\u00e9face: La politique, de l\u2019Europe au B\u00e9nin et du B\u00e9nin \u00e0 l\u2019Europe\u201d, in Patrick Hinnou, <em>N\u00e9gocier la d\u00e9mocratie au quotidien. \u00c9lites politiques, forces sociales et citoyens ordinaires dans les ar\u00e8nes locales au B\u00e9nin<\/em>, L\u2019Harmattan, Paris, 2014, p. 13-16.<\/li>\n\n\n\n<li>40. \u201cPostface: de Max Weber \u00e0 l\u2019histoire globale\u201d, in M. Weber, <em>La ville<\/em>, La D\u00e9couverte, Paris, 2014, p. 233-251.<\/li>\n\n\n\n<li>39. \u201cPrefacio\u201d, in V. Marx (ed.), <em>Democracia Participativa, Sociedade Civil e Territ\u00f3rio<\/em>, Belo Horizonte, 2014, p. 7-10.<\/li>\n\n\n\n<li>38. \u201cIntroduction\u201d (together with J. Font and D. della Porta), \u201cThe national and regional contexts of participatory experiences\u201d (together with E. del Pino), \u201cConclusion\u201d (together with J. Font and D. della Porta), in J. Font, D.&nbsp;della Porta, Y. Sintomer (eds.),<em> Local participation in Southern Europe: Causes and Consequences<\/em>), Rowman &amp; Littlefield, Washington D.C., 2014, p. 1-20, 21-36 and 191-204.<\/li>\n\n\n\n<li>37. \u00abPrendre les d\u00e9cisions autrement. R\u00e9flexions \u00e0 partir des conf\u00e9rences de citoyens\u00bb, in P.&nbsp;Rosanvallon (ed.), <em>Science et d\u00e9mocratie<\/em>, Odile Jacob, Paris, 2014, p. 239-263.<\/li>\n\n\n\n<li>36. \u00ab2012 et la r\u00e9volution du tirage au sort\u00bb, in A. Jenni (ed.), <em>Le monde au XXIIe si\u00e8cle. Utopies pour apr\u00e8s-demain<\/em>, Presses Universitaires de France, Paris, 2014, p. 35-43. Previous version: <a href=\"http:\/\/www.laviedesidees.fr\">www.laviedesidees.fr<\/a>\/La-revolution-du-tirage-au-sort.html, 08\/11\/2011.&nbsp;<\/li>\n\n\n\n<li>35. \u00abNotes \u00e9ditoriales\u00bb and \u00abIntroduction\u00bb, in M. Weber, <em>La domination<\/em>, La D\u00e9couverte, Paris, 2013, p. 5-39.<\/li>\n\n\n\n<li>34. \u00abPref\u00e1cio. Os or\u00e7amentos participativos e o futuro da democracia\u00bb, in L. Fedozzi et alii, <em>Or\u00e7amento participativo de Porto Alegre. Perfil, avalia\u00e7\u00e3o e percep\u00e7\u00f5es do p\u00fablico participante<\/em>, Hartmann\/Observa Porto Alegre, Porto Alegre, 2013, p. 9-12.<\/li>\n\n\n\n<li>33. \u201cExtending the Stakeholder Approach to the Community: Mechanism for Participative Modernisation in Public Utilities\u201d (with C. Herzberg and A. Houdret), in: S. Vitols, J.&nbsp;Heuschmid (ed.), <em>European Company Law and the Sustainable Company: A Stakeholder Approach<\/em>, Brussels, ETUI, p. 223-252.&nbsp;<\/li>\n\n\n\n<li>32. \u00abEinleitung: Von Porto Alegre nach Europa\u00bb (with C.&nbsp;Herzberg and H.&nbsp;Kleger), in C.&nbsp;Herzberg, Y. Sintomer and H. Kleger (eds.), <em>Hoffnung auf eine neue Demokratie. B\u00fcrgerhaushalte in Lateinamerika und Europa<\/em>, Campus, Frankfurt-am-Main\/New York, 2012, p.&nbsp;9-23.<\/li>\n\n\n\n<li>31. \u00abIntroduction. \u00c9quiper ou d\u00e9passer la proximit\u00e9? Les pratiques participatives r\u00e9gionales \u00e0 la lumi\u00e8re de l&#8217;exp\u00e9rience de Poitou-Charentes\u00bb (with J.&nbsp;Talpin), in Y. Sintomer, J. Talpin (eds.), <em>La d\u00e9mocratie participative au-del\u00e0 de la proximit\u00e9. Le laboratoire du Poitou-Charentes mis en perspective<\/em>, Presses Universitaires de Rennes, Rennes, 2011, p. 11-26.<\/li>\n\n\n\n<li>30. \u00abIntroduction: le temps long de la participation\u00bb (with M.H. Bacqu\u00e9), in M.H.&nbsp;Bacqu\u00e9, Y.&nbsp;Sintomer (eds.), <em>La d\u00e9mocratie participative: histoire et g\u00e9n\u00e9alogie<\/em>, La D\u00e9couverte, Paris, 2011, p. 9-35.<\/li>\n\n\n\n<li>29. \u00abD\u00e9mocratie d\u00e9lib\u00e9rative, d\u00e9mocratie participative: l\u2019histoire contrast\u00e9e de deux cat\u00e9gories \u00e9mergentes\u00bb, in M.H.&nbsp;Bacqu\u00e9, Y. Sintomer (eds.), <em>La d\u00e9mocratie participative: histoire et g\u00e9n\u00e9alogie<\/em>, La D\u00e9couverte, Paris, 2011, p.&nbsp;111-133.<\/li>\n\n\n\n<li>28. \u00abUn n\u00e9olib\u00e9ralisme \u00e0 bout de souffle?\u00bb (with E. Renault), in <em>Tous dans la rue. Le mouvement social de l\u2019automne 2010<\/em>, Seuil, Paris, 2011, p. 119-146.<\/li>\n\n\n\n<li>27. \u00abIntroduction: g\u00e9n\u00e9alogies de la d\u00e9mocratie participative\u00bb (with M.H. Bacqu\u00e9), in M.H.&nbsp;Bacqu\u00e9, Y.&nbsp;Sintomer (eds.), <em>La d\u00e9mocratie participative inachev\u00e9e<\/em>, ADELS\/Yves Michel, Paris, 2010, p.&nbsp;7-17.<\/li>\n\n\n\n<li>26. \u201cParticipatory Budgeting in Europe \u2013 An Inspiration for China?\u201d (with C. Herzberg and A.&nbsp;R\u00f6cke), in: Ping Liu, Rudolf Traub-Merz (eds.): <em>Public Participation in Local Decision-Making: China and Germany<\/em>, Shanghai 2009, p.&nbsp;224-254 (published in English and in Chinese).<\/li>\n\n\n\n<li>25. \u00abPostface: luttes pour la reconnaissance des classes subalternes et modernisation participative de l\u2019Etat: les paradoxes v\u00e9n\u00e9zu\u00e9liens\u00bb, in O.&nbsp;Compagnon, J.&nbsp;Rebotier and S.&nbsp;Revet (eds.), <em>Le Venezuela au-del\u00e0 du mythe: Ch\u00e1vez, la d\u00e9mocratie, le changement social, <\/em>l\u2019Atelier, Paris, 2009, p.&nbsp;217-226.<\/li>\n\n\n\n<li>24. \u00ab\u00bfPresupuestos participativos como instrumento de transformaci\u00f3n?\u201d, in I.&nbsp;Ahedo Gurrutxaga, P. Ibarra G\u00fcell (eds.), <em>Democracia participativa y desarrollo humano<\/em>, Dykinson, 2007, p. 203-234.<\/li>\n\n\n\n<li>23. \u00abFrom Porto Alegre to Europe: Potentials and Limitations of Participatory Budgeting\u201d (with C. Herzberg and A. R\u00f6cke), in M.&nbsp;Boogers, J.&nbsp;Franzke, J.&nbsp; Ruano, L.&nbsp;Schaap (eds.) <em>Tensions Between Governance and Democracy<\/em>, Reed Business, London\/Amsterdam\/New York, 2007, p.&nbsp;113-127. Previous german version:&nbsp; \u00abVon Porto Alegre nach Europa. M\u00f6glichkeiten und Grenzen des B\u00fcrgerhaushalts\u201c (with C.&nbsp;Herzberg and A.&nbsp;R\u00f6cke), in H. Kleger, J.&nbsp;Franzke (eds.), <em>Studie zum Potsdamer B\u00fcrgerhaushalt. Eine Befragung zivilgesellschaftlicher Akteure<\/em>, Verlag der Universit\u00e4t Potsdam, Potsdam, 2006, p. 180-195.<\/li>\n\n\n\n<li>22. \u00abWeber, Habermas et la sociologie du droit\u00bb, in J.P.&nbsp;Heurtin, N. Molfessis (eds.), <em>La sociologie du droit de Max Weber<\/em>, Dalloz, Paris, 2006, p. 61-88.<\/li>\n\n\n\n<li>21. \u00abIntroduction\u00bb (with H.P.M\u00fcller), in H.P. M\u00fcller, Y. Sintomer (eds.), <em>Pierre Bourdieu. Th\u00e9ories et sens pratique<\/em>, La D\u00e9couverte, Paris, 2006, p. 11-21.<\/li>\n\n\n\n<li>20. \u00abIntellectual Critique and the Public Sphere: Between the Corporatism of the Universal and the <em>Realpolitik<\/em> of Reason\u201d, in S. Susen, B.S. Turner (eds.), <em>The Legacy of Pierre Bourdieu. Critical Essays<\/em>, Anthem Press, London\/New York, 2011, p.&nbsp;329-246. Previous German version: \u00abIntellektuelle Kritik zwischen Korporatismus des Universellen und \u00d6ffentlichkeit\u00bb, in C.&nbsp;Colliot Th\u00e9l\u00e8ne et alii (eds.), <em>Pierre Bourdieu. Deutsch-franz\u00f6sische Perspektiven<\/em>, Suhrkamp, Frankfurt-am-Main, 2005, p.&nbsp;276-298. French translation: \u00abLa critique intellectuelle entre corporatisme de l\u2019universel et espace public\u00bb, in <em>Pierre Bourdieu. Th\u00e9ories et sens pratique<\/em>, La D\u00e9couverte, Paris, 2006, p. 207-222. Turkish translation&nbsp;: in S. Susen, B.S. Turner (eds.), <em>Pierre Bourdieu&#8217;n\u0131n Miras\u0131-Ele\u015ftirel S\u00f6ylemler<\/em>, Phoenix, Ankara, 2019.<\/li>\n\n\n\n<li>19. \u00abConclusion: La d\u00e9mocratie participative, mod\u00e8les et enjeux\u00bb (with M.&nbsp;H.&nbsp;Bacqu\u00e9 and H.&nbsp;Rey), in M.H.&nbsp;Bacqu\u00e9, H. Rey, Y. Sintomer (eds.), <em>Gestion de proximit\u00e9 et d\u00e9mocratie participative: les nouveaux paradigmes de l\u2019action publique? <\/em>La D\u00e9couverte, Paris 2005, p.&nbsp;293-307. Reduced version: \u00abLa d\u00e9mocratie participative urbaine face au n\u00e9olib\u00e9ralisme\u00bb, <em>Mouvements<\/em>, 39-40, May-August 2005, p. 121-132, online version: http:\/\/delairagauche.net\/article.php3?id_article=156.<\/li>\n\n\n\n<li>18. \u00abIntroduction: La d\u00e9mocratie participative, un nouveau paradigme de l\u2019action publique?\u00bb (with M.&nbsp;H.&nbsp;Bacqu\u00e9 and H.&nbsp;Rey), in <em>Gestion de proximit\u00e9 et d\u00e9mocratie participative: les nouveaux paradigmes de l\u2019action publique? <\/em>La D\u00e9couverte, Paris 2005, p.&nbsp;9-46; extracts republished in <em>Probl\u00e8mes politiques et sociaux<\/em> with the title \u00abDe nombreux d\u00e9fis \u00e0 relever\u00bb, August 2006, p. 112-114; with the title \u201cLa d\u00e9mocratie participative: compl\u00e9ment ou inflexion de la d\u00e9mocratie repr\u00e9sentative?\u00bb, <em>Probl\u00e8mes politiques et sociaux<\/em>, 959, April 2009, p. 20-21. Spanish version: \u201c\u00bfLa democracia participativa, un nuevo paradigma de la acci\u00f3n p\u00fablica?\u201d, in M. Canto Chac (ed.), <em>La Participaci\u00f3n ciudadana en las pol\u00edticas p\u00fablicas<\/em>, Siglo XXI, serie \u201cBiblioteca b\u00e1sica de administraci\u00f3n p\u00fablica\u201d, vol. IV, M\u00e9xico \/Buenos Aires, 2011, p.&nbsp;105-149.<\/li>\n\n\n\n<li>17. \u00abLa d\u00e9mocratie impossible?\u00bb, in D.&nbsp;Damamme (ed.), La d\u00e9mocratie en Europe, L\u2019Harmattan, Paris, 2004, p. 51-66.<\/li>\n\n\n\n<li>16. \u00abIntroduction\u00bb (with V Giraud), in V. Giraud, A and L. Levy, Y. Sintomer (eds.), <em>Des filles comme les autres<\/em>, La D\u00e9couverte, Paris, 2004, p.&nbsp;3-17. Arabic version, Dar Al Farabi\/ANEP, Beyrouth-Alger, 2004.<\/li>\n\n\n\n<li>15. \u00abPostface\u00bb (with Ch. Bonneuil), in R. Sclove, <em>Choix de technologie, choix de soci\u00e9t\u00e9<\/em>, Fondation L\u00e9opold Meyer, Paris, 2003, p.&nbsp;297-327. Online version: <a href=\"http:\/\/sciencescitoyennes.org\">http:\/\/sciencescitoyennes.org<\/a>. Reduced version: \u00abScience et soci\u00e9t\u00e9 civile: une relation difficile\u00bb, <em>Nature et progr\u00e8s<\/em>, February-March 2006, p. 12-15.<\/li>\n\n\n\n<li>14. \u00abL\u2019espace public europ\u00e9en: l\u2019ambivalence d\u2019une notion\u00bb, in A.&nbsp;Mercier (ed.), <em>Vers un espace public europ\u00e9en? Recherches sur l\u2019Europe en construction<\/em>, Paris, L\u2019Harmattan, 2003, p.&nbsp;179-189.&nbsp;<\/li>\n\n\n\n<li>13. \u00abIntroduction\u00bb (with E. Renault), in E.&nbsp;Renault, Y.&nbsp;Sintomer (eds.), <em>O\u00f9 en est la th\u00e9orie critique?<\/em>, La D\u00e9couverte, Paris, 2003, p. 7-30.<\/li>\n\n\n\n<li>12. \u00abLes banlieues populaires entre int\u00e9gration, affiliation et scission\u00bb (with M.H.&nbsp;Bacqu\u00e9), in Ph.&nbsp;Genestier (ed.) <em>La banlieue entre faits et repr\u00e9sentation, objet de recherche et d\u2019action publique<\/em>, La Documentation fran\u00e7aise, Paris, 2002.<\/li>\n\n\n\n<li>11. \u00abEmpujar los limites de la democracia participativa?\u00bb, in J. Verle, L. Brunet (eds.), <em>Costruindo um Novo Mundo. Avalia\u00e7\u00e3o da experi\u00eancia do Or\u00e7amento Participativo em Porto Alegre, Brasil<\/em>, Guayi, Porto Alegre, 2002, p.&nbsp;57-67. Spanish translation: <em>Costruyendo un nuevo mundo<\/em>, Guayi, Porto Alegre, 2002. French translation: \u201cRepousser les limites de la d\u00e9mocratie participative, <em>Un nouveau monde en construction. Evaluation de l\u2019exp\u00e9rience du Budget Participatif de Porto Alegre, Br\u00e9sil<\/em>, Guayi, Porto Alegre, 2002, p. 57-67.<\/li>\n\n\n\n<li>10. \u00abD\u00e9saffiliation politique et vote frontiste dans l\u2019ancienne banlieue rouge. L\u2019exemple du quartier Allende \u00e0 Saint-Denis\u00bb, in F.&nbsp;Haegel, H.&nbsp;Rey, Y.&nbsp;Sintomer (eds.), <em>Racisme, x\u00e9nophobie et Front National en banlieue<\/em>, L\u2019Harmattan, Paris 2000, p. 91-116.<\/li>\n\n\n\n<li>9. \u00abEmancipation et commensurabilit\u00e9\u00bb, in E.&nbsp;Couv\u00e9lakis (ed.), <em>Marx 2000<\/em>, Paris, Presses Universitaires de France, 2000, p.&nbsp;111-124. Flemish translation: \u00abMoet er in het communisme noet meer worden gerekend?\u00bb, publications en ligne de www.grenzeloos.org, 2001.<\/li>\n\n\n\n<li>8. \u00abL\u2019espace public dans les quartiers populaires d\u2019habitat social\u00bb (with M.H.&nbsp;Bacqu\u00e9), in C.&nbsp;Neveu (ed.), <em>Espace public et engagement politique. Enjeux et logiques de la citoyennet\u00e9 locale<\/em>, Paris, L\u2019Harmattan 1999, p. 115-148.<\/li>\n\n\n\n<li>7. \u00abPr\u00e9sentation\u00bb, in L.&nbsp;Althusser: <em>Solitude de Machiavel et autres textes<\/em>, Presses Universitaires de France, Paris 1998, p.&nbsp;5-16.<\/li>\n\n\n\n<li>6. \u00abR\u00f4les et limites des institutions politiques dans les soci\u00e9t\u00e9s modernes. Une introduction \u00e0 Claus Offe\u00bb (with D. Le Saout), in C.&nbsp;Offe: <em>Les d\u00e9mocraties modernes \u00e0 l&#8217;\u00e9preuve<\/em>, L&#8217;Harmattan, Paris 1997, p. 5-79.<\/li>\n\n\n\n<li>5. \u00abEst-il possible de penser la politique au-del\u00e0 de la domination dans les cat\u00e9gories de Max Weber?\u00bb, in C. Herrera (ed.): <em>Le droit, le politique. Autour de Max Weber, Hans Kelsen, Carl Schmitt<\/em>, L&#8217;Harmattan, Paris 1995, p.&nbsp;133-156.<\/li>\n\n\n\n<li>4. \u00abLe socialisme entre pouvoir et d\u00e9mocratie communicationnelle\u00bb, in J. Bidet, J. Texier (eds.): <em>L&#8217;id\u00e9e de socialisme a-t-elle un avenir?<\/em>, Presses Universitaires de France, Paris 1992, p.&nbsp;67-84. Spanish translation in <em>El Futuro del socialismo<\/em>, Letra Buena\/El Cielo por Asalto, Buenos Aires 1993.<\/li>\n\n\n\n<li>3. \u00abAvant-propos\u00bb (with V. Giraud), in A. Gilly: <em>Mexique. Notre chute dans la modernit\u00e9<\/em>, Syllepse, Paris 1992, p.&nbsp;5-12.<\/li>\n\n\n\n<li>2. \u00abAlthusser und der Marxismus der siebzieger Jahre\u00bb, in H. B\u00f6cke, J.C. Muller, S.&nbsp;Reinfeld (eds.): <em>Denk-Prozesse nach Althusser<\/em>, Argument, Berlin 1994, p.&nbsp;21-26. French version: \u00abAlthusser et le marxisme aujourd&#8217;hui\u00bb, <em>Revue M<\/em>, 43, January 1991, p.&nbsp;23-24.<\/li>\n\n\n\n<li>1. \u00abL&#8217;id\u00e9e de socialisme a-t-elle un avenir?\u00bb (with J.&nbsp;Bidet, J. Texier and F. Hincker), <em>Actuel Marx<\/em>, 9, 1991\/1, pp.&nbsp;13-16. Republished in J. Bidet, J. Texier (eds.): <em>L&#8217;id\u00e9e de socialisme a-t-elle un avenir?,<\/em> Presses Universitaires de France, Paris 1992, p.&nbsp;5-10. Spanish translation in <em>El futuro del socialismo<\/em>, Letra Buena\/El cielo por Asalto, Buenos Aires 1993.<\/li>\n<\/ul>\n","protected":false},"excerpt":{"rendered":"","protected":false},"author":1,"featured_media":0,"comment_status":"open","ping_status":"open","sticky":false,"template":"","format":"standard","meta":{"om_disable_all_campaigns":false,"_monsterinsights_skip_tracking":false,"_monsterinsights_sitenote_active":false,"_monsterinsights_sitenote_note":"","_monsterinsights_sitenote_category":0,"footnotes":""},"categories":[37],"tags":[],"aioseo_notices":[],"_links":{"self":[{"href":"http:\/\/sintomer.net\/index.php?rest_route=\/wp\/v2\/posts\/220"}],"collection":[{"href":"http:\/\/sintomer.net\/index.php?rest_route=\/wp\/v2\/posts"}],"about":[{"href":"http:\/\/sintomer.net\/index.php?rest_route=\/wp\/v2\/types\/post"}],"author":[{"embeddable":true,"href":"http:\/\/sintomer.net\/index.php?rest_route=\/wp\/v2\/users\/1"}],"replies":[{"embeddable":true,"href":"http:\/\/sintomer.net\/index.php?rest_route=%2Fwp%2Fv2%2Fcomments&post=220"}],"version-history":[{"count":2,"href":"http:\/\/sintomer.net\/index.php?rest_route=\/wp\/v2\/posts\/220\/revisions"}],"predecessor-version":[{"id":256,"href":"http:\/\/sintomer.net\/index.php?rest_route=\/wp\/v2\/posts\/220\/revisions\/256"}],"wp:attachment":[{"href":"http:\/\/sintomer.net\/index.php?rest_route=%2Fwp%2Fv2%2Fmedia&parent=220"}],"wp:term":[{"taxonomy":"category","embeddable":true,"href":"http:\/\/sintomer.net\/index.php?rest_route=%2Fwp%2Fv2%2Fcategories&post=220"},{"taxonomy":"post_tag","embeddable":true,"href":"http:\/\/sintomer.net\/index.php?rest_route=%2Fwp%2Fv2%2Ftags&post=220"}],"curies":[{"name":"wp","href":"https:\/\/api.w.org\/{rel}","templated":true}]}}